{"id":3861,"date":"2015-10-28T20:58:02","date_gmt":"2015-10-28T19:58:02","guid":{"rendered":"https:\/\/www.okiok.com\/?p=3861"},"modified":"2019-05-29T13:40:19","modified_gmt":"2019-05-29T18:40:19","slug":"symposium-de-montreal-sur-la-gestion-des-identites-et-des-acces-2","status":"publish","type":"post","link":"https:\/\/www.okiok.com\/fr\/symposium-de-montreal-sur-la-gestion-des-identites-et-des-acces-2\/","title":{"rendered":"Symposium de Montr\u00e9al sur la gestion des identit\u00e9s et des acc\u00e8s"},"content":{"rendered":"<p><strong>Laval, le 28 octobre\u00a02015<\/strong><\/p>\n<p><strong>Suite au succ\u00e8s du Symposium sur la gestion des identit\u00e9s et des acc\u00e8s (GIA) qui a eu lieu les\u00a029 et 30 septembre derniers\u00a0\u00e0 Qu\u00e9bec, l&rsquo;Association en s\u00e9curit\u00e9 de l&rsquo;information du Montr\u00e9al m\u00e9tropolitain (ASIMM)\u00a0accueillera l&rsquo;\u00e9v\u00e9nement \u00e0 Montr\u00e9al,\u00a0qui aura lieu les 26-27 novembre prochains.<\/strong><\/p>\n<p>L&rsquo;\u00e9v\u00e9nement a pour but de r\u00e9unir plusieurs professionnels de la s\u00e9curit\u00e9 afin de discuter du march\u00e9, des enjeux et des meilleures pratiques dans le domaine.<\/p>\n<p>De plus,\u00a0\u00a0l\u2019atelier \u00ab\u00a0Du principe \u00e0 la pratique\u00a0\u00bb sera pr\u00e9sent\u00e9 par\u00a0monsieur\u00a0Claude Vigeant, pr\u00e9sident d&rsquo;OKIOK, en collaboration avec monsieur Bruno Guay. Monsieur Vigeant participera \u00e9galement \u00e0 la\u00a0Table ronde interactive, ayant pour but de r\u00e9pondre aux pr\u00e9occupations et aux interrogations du public en la mati\u00e8re.<\/p>\n<p>OKIOK est fi\u00e8re de commanditer l\u2019\u00e9v\u00e9nement de Montr\u00e9al.<\/p>\n<p>Pour plus d\u2019information, visitez\u00a0<a href=\"https:\/\/www.asimm.org\/?tribe_events=symposium-gia-montreal-2015-gestion-des-identites-et-des-acces\">https:\/\/www.asimm.org\/?tribe_events=symposium-gia-montreal-2015-gestion-des-identites-et-des-acces<\/a>.<\/p>\n<h3>\u00c0 propos d\u2019OKIOK<\/h3>\n<p>Pionni\u00e8re mondiale et chef de file canadien en mati\u00e8re de s\u00e9curit\u00e9 de l\u2019information, OKIOK offre depuis plus de trente ans un \u00e9ventail complet de services et de produits, notamment de transfert s\u00e9curis\u00e9 des donn\u00e9es, de gestion des identit\u00e9s et des acc\u00e8s\u00a0et d\u2019enqu\u00eates informatiques. Sa vaste offre prend la forme de services-conseils, de services impartis de gestion de la s\u00e9curit\u00e9, de solutions commerciales et sur mesure ainsi que de formation.<\/p>\n<p>Parmi les seules entreprises au Canada \u00e0 faire de la recherche et d\u00e9veloppement sa pierre angulaire, OKIOK se tient \u00e0 l\u2019avant-garde de son secteur gr\u00e2ce \u00e0 la conception de solutions in\u00e9dites.<\/p>\n<p><a href=\"\/\">www.okiok.com<\/a><\/p>\n","protected":false},"excerpt":{"rendered":"<p>Laval, le 28 octobre\u00a02015 Suite au succ\u00e8s du Symposium sur la gestion des identit\u00e9s et des acc\u00e8s (GIA) qui a eu lieu les\u00a029 et 30 septembre derniers\u00a0\u00e0 Qu\u00e9bec, l&rsquo;Association en s\u00e9curit\u00e9 de l&rsquo;information du Montr\u00e9al m\u00e9tropolitain (ASIMM)\u00a0accueillera l&rsquo;\u00e9v\u00e9nement \u00e0 Montr\u00e9al,\u00a0qui aura lieu les 26-27 novembre prochains. L&rsquo;\u00e9v\u00e9nement a pour but de r\u00e9unir plusieurs professionnels de [&hellip;]<\/p>\n","protected":false},"author":10,"featured_media":13883,"comment_status":"open","ping_status":"closed","sticky":false,"template":"","format":"standard","meta":{"footnotes":""},"categories":[175],"tags":[],"class_list":["post-3861","post","type-post","status-publish","format-standard","has-post-thumbnail","hentry","category-evenements"],"yoast_head":"<!-- This site is optimized with the Yoast SEO plugin v26.8 - https:\/\/yoast.com\/product\/yoast-seo-wordpress\/ -->\n<title>Symposium sur la gestion des identit\u00e9s et des acc\u00e8s | OKIOK - Conf\u00e9rence<\/title>\n<meta name=\"description\" content=\"Claude Vigeant, pr\u00e9sident d&#039;OKIOK \u00e0 pr\u00e9sent\u00e9 lors du symposium sur la gestion des identit\u00e9s et des acc\u00e8s (GIA) un atelier du &quot;principe \u00e0 la pratique&quot;.\" \/>\n<meta name=\"robots\" content=\"index, follow, max-snippet:-1, max-image-preview:large, max-video-preview:-1\" \/>\n<meta property=\"og:locale\" content=\"fr_FR\" \/>\n<meta property=\"og:type\" content=\"article\" \/>\n<meta property=\"og:title\" content=\"Symposium sur la gestion des identit\u00e9s et des acc\u00e8s | OKIOK - Conf\u00e9rence\" \/>\n<meta property=\"og:description\" content=\"Claude Vigeant, pr\u00e9sident d&#039;OKIOK \u00e0 pr\u00e9sent\u00e9 lors du symposium sur la gestion des identit\u00e9s et des acc\u00e8s (GIA) un atelier du &quot;principe \u00e0 la pratique&quot;.\" \/>\n<meta property=\"og:site_name\" content=\"OKIOK - Securit\u00e9 dans un monde en changement\" \/>\n<meta property=\"article:publisher\" content=\"https:\/\/www.facebook.com\/okiokdata\/\" \/>\n<meta property=\"article:published_time\" content=\"2015-10-28T19:58:02+00:00\" \/>\n<meta property=\"article:modified_time\" content=\"2019-05-29T18:40:19+00:00\" \/>\n<meta property=\"og:image\" content=\"https:\/\/www.okiok.com\/wp-content\/uploads\/2016\/10\/AdobeStock_73472792.jpeg\" \/>\n\t<meta property=\"og:image:width\" content=\"1600\" \/>\n\t<meta property=\"og:image:height\" content=\"1204\" \/>\n\t<meta property=\"og:image:type\" content=\"image\/jpeg\" \/>\n<meta name=\"author\" content=\"Okiok\" \/>\n<meta name=\"twitter:card\" content=\"summary_large_image\" \/>\n<meta name=\"twitter:creator\" content=\"@OKIOKdata\" \/>\n<meta name=\"twitter:site\" content=\"@OKIOKdata\" \/>\n<meta name=\"twitter:label1\" content=\"\u00c9crit par\" \/>\n\t<meta name=\"twitter:data1\" content=\"Okiok\" \/>\n\t<meta name=\"twitter:label2\" content=\"Dur\u00e9e de lecture estim\u00e9e\" \/>\n\t<meta name=\"twitter:data2\" content=\"1 minute\" \/>\n<!-- \/ Yoast SEO plugin. -->","yoast_head_json":{"title":"Symposium sur la gestion des identit\u00e9s et des acc\u00e8s | OKIOK - Conf\u00e9rence","description":"Claude Vigeant, pr\u00e9sident d'OKIOK \u00e0 pr\u00e9sent\u00e9 lors du symposium sur la gestion des identit\u00e9s et des acc\u00e8s (GIA) un atelier du \"principe \u00e0 la pratique\".","robots":{"index":"index","follow":"follow","max-snippet":"max-snippet:-1","max-image-preview":"max-image-preview:large","max-video-preview":"max-video-preview:-1"},"og_locale":"fr_FR","og_type":"article","og_title":"Symposium sur la gestion des identit\u00e9s et des acc\u00e8s | OKIOK - Conf\u00e9rence","og_description":"Claude Vigeant, pr\u00e9sident d'OKIOK \u00e0 pr\u00e9sent\u00e9 lors du symposium sur la gestion des identit\u00e9s et des acc\u00e8s (GIA) un atelier du \"principe \u00e0 la pratique\".","og_site_name":"OKIOK - Securit\u00e9 dans un monde en changement","article_publisher":"https:\/\/www.facebook.com\/okiokdata\/","article_published_time":"2015-10-28T19:58:02+00:00","article_modified_time":"2019-05-29T18:40:19+00:00","og_image":[{"width":1600,"height":1204,"url":"https:\/\/www.okiok.com\/wp-content\/uploads\/2016\/10\/AdobeStock_73472792.jpeg","type":"image\/jpeg"}],"author":"Okiok","twitter_card":"summary_large_image","twitter_creator":"@OKIOKdata","twitter_site":"@OKIOKdata","twitter_misc":{"\u00c9crit par":"Okiok","Dur\u00e9e de lecture estim\u00e9e":"1 minute"},"schema":{"@context":"https:\/\/schema.org","@graph":[{"@type":"Article","@id":"https:\/\/www.okiok.com\/fr\/symposium-de-montreal-sur-la-gestion-des-identites-et-des-acces-2\/#article","isPartOf":{"@id":"https:\/\/www.okiok.com\/fr\/symposium-de-montreal-sur-la-gestion-des-identites-et-des-acces-2\/"},"author":{"name":"Okiok","@id":"https:\/\/www.okiok.com\/fr\/#\/schema\/person\/5d92c7d8760791d758c6a6fe9379a5c5"},"headline":"Symposium de Montr\u00e9al sur la gestion des identit\u00e9s et des acc\u00e8s","datePublished":"2015-10-28T19:58:02+00:00","dateModified":"2019-05-29T18:40:19+00:00","mainEntityOfPage":{"@id":"https:\/\/www.okiok.com\/fr\/symposium-de-montreal-sur-la-gestion-des-identites-et-des-acces-2\/"},"wordCount":295,"commentCount":0,"publisher":{"@id":"https:\/\/www.okiok.com\/fr\/#organization"},"image":{"@id":"https:\/\/www.okiok.com\/fr\/symposium-de-montreal-sur-la-gestion-des-identites-et-des-acces-2\/#primaryimage"},"thumbnailUrl":"https:\/\/www.okiok.com\/wp-content\/uploads\/2016\/10\/AdobeStock_73472792.jpeg","articleSection":["\u00c9v\u00e9nements"],"inLanguage":"fr-FR","potentialAction":[{"@type":"CommentAction","name":"Comment","target":["https:\/\/www.okiok.com\/fr\/symposium-de-montreal-sur-la-gestion-des-identites-et-des-acces-2\/#respond"]}]},{"@type":"WebPage","@id":"https:\/\/www.okiok.com\/fr\/symposium-de-montreal-sur-la-gestion-des-identites-et-des-acces-2\/","url":"https:\/\/www.okiok.com\/fr\/symposium-de-montreal-sur-la-gestion-des-identites-et-des-acces-2\/","name":"Symposium sur la gestion des identit\u00e9s et des acc\u00e8s | OKIOK - Conf\u00e9rence","isPartOf":{"@id":"https:\/\/www.okiok.com\/fr\/#website"},"primaryImageOfPage":{"@id":"https:\/\/www.okiok.com\/fr\/symposium-de-montreal-sur-la-gestion-des-identites-et-des-acces-2\/#primaryimage"},"image":{"@id":"https:\/\/www.okiok.com\/fr\/symposium-de-montreal-sur-la-gestion-des-identites-et-des-acces-2\/#primaryimage"},"thumbnailUrl":"https:\/\/www.okiok.com\/wp-content\/uploads\/2016\/10\/AdobeStock_73472792.jpeg","datePublished":"2015-10-28T19:58:02+00:00","dateModified":"2019-05-29T18:40:19+00:00","description":"Claude Vigeant, pr\u00e9sident d'OKIOK \u00e0 pr\u00e9sent\u00e9 lors du symposium sur la gestion des identit\u00e9s et des acc\u00e8s (GIA) un atelier du \"principe \u00e0 la pratique\".","breadcrumb":{"@id":"https:\/\/www.okiok.com\/fr\/symposium-de-montreal-sur-la-gestion-des-identites-et-des-acces-2\/#breadcrumb"},"inLanguage":"fr-FR","potentialAction":[{"@type":"ReadAction","target":["https:\/\/www.okiok.com\/fr\/symposium-de-montreal-sur-la-gestion-des-identites-et-des-acces-2\/"]}]},{"@type":"ImageObject","inLanguage":"fr-FR","@id":"https:\/\/www.okiok.com\/fr\/symposium-de-montreal-sur-la-gestion-des-identites-et-des-acces-2\/#primaryimage","url":"https:\/\/www.okiok.com\/wp-content\/uploads\/2016\/10\/AdobeStock_73472792.jpeg","contentUrl":"https:\/\/www.okiok.com\/wp-content\/uploads\/2016\/10\/AdobeStock_73472792.jpeg","width":1600,"height":1204,"caption":"Background image keys"},{"@type":"BreadcrumbList","@id":"https:\/\/www.okiok.com\/fr\/symposium-de-montreal-sur-la-gestion-des-identites-et-des-acces-2\/#breadcrumb","itemListElement":[{"@type":"ListItem","position":1,"name":"Home","item":"https:\/\/prod.okiok.com\/fr\/"},{"@type":"ListItem","position":2,"name":"Symposium de Montr\u00e9al sur la gestion des identit\u00e9s et des acc\u00e8s"}]},{"@type":"WebSite","@id":"https:\/\/www.okiok.com\/fr\/#website","url":"https:\/\/www.okiok.com\/fr\/","name":"OKIOK - Securit\u00e9 dans un monde en changement","description":"","publisher":{"@id":"https:\/\/www.okiok.com\/fr\/#organization"},"potentialAction":[{"@type":"SearchAction","target":{"@type":"EntryPoint","urlTemplate":"https:\/\/www.okiok.com\/fr\/?s={search_term_string}"},"query-input":{"@type":"PropertyValueSpecification","valueRequired":true,"valueName":"search_term_string"}}],"inLanguage":"fr-FR"},{"@type":"Organization","@id":"https:\/\/www.okiok.com\/fr\/#organization","name":"Okiok","url":"https:\/\/www.okiok.com\/fr\/","logo":{"@type":"ImageObject","inLanguage":"fr-FR","@id":"https:\/\/www.okiok.com\/fr\/#\/schema\/logo\/image\/","url":"https:\/\/www.okiok.com\/wp-content\/uploads\/2017\/06\/logo-okiok-2.png","contentUrl":"https:\/\/www.okiok.com\/wp-content\/uploads\/2017\/06\/logo-okiok-2.png","width":300,"height":369,"caption":"Okiok"},"image":{"@id":"https:\/\/www.okiok.com\/fr\/#\/schema\/logo\/image\/"},"sameAs":["https:\/\/www.facebook.com\/okiokdata\/","https:\/\/x.com\/OKIOKdata","https:\/\/www.linkedin.com\/company-beta\/119436\/"]},{"@type":"Person","@id":"https:\/\/www.okiok.com\/fr\/#\/schema\/person\/5d92c7d8760791d758c6a6fe9379a5c5","name":"Okiok","image":{"@type":"ImageObject","inLanguage":"fr-FR","@id":"https:\/\/www.okiok.com\/fr\/#\/schema\/person\/image\/","url":"https:\/\/www.okiok.com\/wp-content\/litespeed\/avatar\/c2ff4924e830f919116b336e837f514b.jpg?ver=1776993638","contentUrl":"https:\/\/www.okiok.com\/wp-content\/litespeed\/avatar\/c2ff4924e830f919116b336e837f514b.jpg?ver=1776993638","caption":"Okiok"}}]}},"amp_enabled":true,"_links":{"self":[{"href":"https:\/\/www.okiok.com\/fr\/wp-json\/wp\/v2\/posts\/3861","targetHints":{"allow":["GET"]}}],"collection":[{"href":"https:\/\/www.okiok.com\/fr\/wp-json\/wp\/v2\/posts"}],"about":[{"href":"https:\/\/www.okiok.com\/fr\/wp-json\/wp\/v2\/types\/post"}],"author":[{"embeddable":true,"href":"https:\/\/www.okiok.com\/fr\/wp-json\/wp\/v2\/users\/10"}],"replies":[{"embeddable":true,"href":"https:\/\/www.okiok.com\/fr\/wp-json\/wp\/v2\/comments?post=3861"}],"version-history":[{"count":1,"href":"https:\/\/www.okiok.com\/fr\/wp-json\/wp\/v2\/posts\/3861\/revisions"}],"predecessor-version":[{"id":13471,"href":"https:\/\/www.okiok.com\/fr\/wp-json\/wp\/v2\/posts\/3861\/revisions\/13471"}],"wp:featuredmedia":[{"embeddable":true,"href":"https:\/\/www.okiok.com\/fr\/wp-json\/wp\/v2\/media\/13883"}],"wp:attachment":[{"href":"https:\/\/www.okiok.com\/fr\/wp-json\/wp\/v2\/media?parent=3861"}],"wp:term":[{"taxonomy":"category","embeddable":true,"href":"https:\/\/www.okiok.com\/fr\/wp-json\/wp\/v2\/categories?post=3861"},{"taxonomy":"post_tag","embeddable":true,"href":"https:\/\/www.okiok.com\/fr\/wp-json\/wp\/v2\/tags?post=3861"}],"curies":[{"name":"wp","href":"https:\/\/api.w.org\/{rel}","templated":true}]}}